{"id":5239,"date":"2023-03-23T17:53:18","date_gmt":"2023-03-23T16:53:18","guid":{"rendered":"http:\/\/www.respace.it\/?p=5239"},"modified":"2023-03-28T08:44:02","modified_gmt":"2023-03-28T06:44:02","slug":"apertura-spazio-espositivo-milano-zona-brera","status":"publish","type":"post","link":"https:\/\/www.respace.it\/it\/news-eventi\/apertura-spazio-espositivo-milano-zona-brera\/","title":{"rendered":"Apertura nuovo spazio espositivo a Milano in zona Brera"},"content":{"rendered":"<section class=\"wpb-content-wrapper\"><p>[vc_row][vc_column width=&#8221;2\/3&#8243;][vc_column_text]REspace \u00e8 lieta di annunciare l\u2019apertura del nuovo spazio espositivo a Milano in zona Brera.<\/p>\n<p>Sar\u00e0 possibile nel cuore di Milano e del design district, intraprendere una <em>COMFORT EXPERIENCE<\/em> provando divani, poltrone, divaniletto, materassi e guanciali di nostra produzione, realizzati con materiali studiati e pensati per donare sostegno, comodit\u00e0 e durabilit\u00e0.<\/p>\n<p>La qualit\u00e0 dei materiali e dei tessuti, la cura nella produzione con finiture di pregio e l\u2019attenzione all\u2019ambiente, sono caratteristiche insite nelle nostre creazioni; l\u2019obiettivo che ci siamo prefissi \u00e8 rendere accessibili i prodotti di design, realizzati completamente in Italia.<\/p>\n<p>Ti aspettiamo, chiama o scrivi per fissare un appuntamento.[\/vc_column_text][vc_btn title=&#8221;Chiedi il catalogo via WhatsApp 0362.803716&#8243; color=&#8221;green&#8221; size=&#8221;lg&#8221; align=&#8221;center&#8221; i_icon_fontawesome=&#8221;fa fa-whatsapp&#8221; link=&#8221;url:https%3A%2F%2Fwa.me%2F390362803716%3Ftext%3DBrera%20Catalogo||&#8221; add_icon=&#8221;true&#8221; button_block=&#8221;true&#8221;][vc_btn title=&#8221;Chiamaci 02.6717.3694&#8243; color=&#8221;inverse&#8221; size=&#8221;lg&#8221; align=&#8221;center&#8221; i_icon_fontawesome=&#8221;fa fa-phone&#8221; link=&#8221;url:tel%3A%2B390267173694||&#8221; add_icon=&#8221;true&#8221; button_block=&#8221;true&#8221;][vc_gmaps link=&#8221;#E-8_JTNDaWZyYW1lJTIwc3JjJTNEJTIyaHR0cHMlM0ElMkYlMkZ3d3cuZ29vZ2xlLmNvbSUyRm1hcHMlMkZlbWJlZCUzRnBiJTNEJTIxMW0xOCUyMTFtMTIlMjExbTMlMjExZDE1MjUuNDI2NDM5NjU4MzY2NSUyMTJkOS4xODk2NTk2OTE4NjYxNjMlMjEzZDQ1LjQ3Njk2NzQ0MzIxOTM2NSUyMTJtMyUyMTFmMCUyMTJmMCUyMTNmMCUyMTNtMiUyMTFpMTAyNCUyMTJpNzY4JTIxNGYxMy4xJTIxM20zJTIxMW0yJTIxMXMweDQ3ODZjNmNhYTcwYjI4MmIlMjUzQTB4NDJiYjk0YzRiNzFkODdiMSUyMTJzVmlhJTI1MjBTLiUyNTIwTWFyY28lMjUyQyUyNTIwMjglMjUyQyUyNTIwMjAxMjElMjUyME1pbGFubyUyNTIwTUklMjE1ZTAlMjEzbTIlMjExc2l0JTIxMnNpdCUyMTR2MTY3OTU5MDg1MTM5OSUyMTVtMiUyMTFzaXQlMjEyc2l0JTIyJTIwd2lkdGglM0QlMjI2MDAlMjIlMjBoZWlnaHQlM0QlMjI0NTAlMjIlMjBzdHlsZSUzRCUyMmJvcmRlciUzQTAlM0IlMjIlMjBhbGxvd2Z1bGxzY3JlZW4lM0QlMjIlMjIlMjBsb2FkaW5nJTNEJTIybGF6eSUyMiUyMHJlZmVycmVycG9saWN5JTNEJTIybm8tcmVmZXJyZXItd2hlbi1kb3duZ3JhZGUlMjIlM0UlM0MlMkZpZnJhbWUlM0U=&#8221;][\/vc_column][vc_column width=&#8221;1\/3&#8243;][vc_single_image image=&#8221;5249&#8243; img_size=&#8221;full&#8221;][\/vc_column][\/vc_row]<\/p>\n<\/section>","protected":false},"excerpt":{"rendered":"<p>[vc_row][vc_column width=&#8221;2\/3&#8243;][vc_column_text]REspace \u00e8 lieta di annunciare l\u2019apertura del nuovo spazio espositivo a Milano in zona Brera. Sar\u00e0 possibile nel cuore di Milano e del design district, intraprendere una COMFORT EXPERIENCE provando divani, poltrone, divaniletto, materassi e guanciali di nostra produzione, realizzati con materiali studiati e pensati per donare sostegno, comodit\u00e0 e durabilit\u00e0. La qualit\u00e0 dei [&hellip;]<\/p>\n","protected":false},"author":1,"featured_media":5240,"comment_status":"open","ping_status":"closed","sticky":false,"template":"","format":"standard","meta":{"footnotes":"","_joinchat":[]},"categories":[7],"tags":[],"yoast_head":"<!-- This site is optimized with the Yoast SEO plugin v23.0 - https:\/\/yoast.com\/wordpress\/plugins\/seo\/ -->\n<title>Apertura nuovo spazio espositivo a Milano in zona Brera - Respace<\/title>\n<meta name=\"description\" content=\"REspace \u00e8 lieta di annunnciare l&#039;apertura del nuovo spazio espositivo a Milano in zona Brera.\" \/>\n<meta name=\"robots\" content=\"index, follow, max-snippet:-1, max-image-preview:large, max-video-preview:-1\" \/>\n<link rel=\"canonical\" href=\"https:\/\/www.respace.it\/it\/news-eventi\/apertura-spazio-espositivo-milano-zona-brera\/\" \/>\n<meta property=\"og:locale\" content=\"it_IT\" \/>\n<meta property=\"og:type\" content=\"article\" \/>\n<meta property=\"og:title\" content=\"Apertura nuovo spazio espositivo a Milano in zona Brera - Respace\" \/>\n<meta property=\"og:description\" content=\"REspace \u00e8 lieta di annunnciare l&#039;apertura del nuovo spazio espositivo a Milano in zona Brera.\" \/>\n<meta property=\"og:url\" content=\"https:\/\/www.respace.it\/it\/news-eventi\/apertura-spazio-espositivo-milano-zona-brera\/\" \/>\n<meta property=\"og:site_name\" content=\"Respace\" \/>\n<meta property=\"article:published_time\" content=\"2023-03-23T16:53:18+00:00\" \/>\n<meta property=\"article:modified_time\" content=\"2023-03-28T06:44:02+00:00\" \/>\n<meta property=\"og:image\" content=\"https:\/\/www.respace.it\/wp-content\/uploads\/2023\/03\/REspace-Milano03-post.jpg\" \/>\n\t<meta property=\"og:image:width\" content=\"1200\" \/>\n\t<meta property=\"og:image:height\" content=\"675\" \/>\n\t<meta property=\"og:image:type\" content=\"image\/jpeg\" \/>\n<meta name=\"author\" content=\"staff\" \/>\n<meta name=\"twitter:card\" content=\"summary_large_image\" \/>\n<meta name=\"twitter:label1\" content=\"Scritto da\" \/>\n\t<meta name=\"twitter:data1\" content=\"staff\" \/>\n\t<meta name=\"twitter:label2\" content=\"Tempo di lettura stimato\" \/>\n\t<meta name=\"twitter:data2\" content=\"1 minuto\" \/>\n<script type=\"application\/ld+json\" class=\"yoast-schema-graph\">{\"@context\":\"https:\/\/schema.org\",\"@graph\":[{\"@type\":\"Article\",\"@id\":\"https:\/\/www.respace.it\/it\/news-eventi\/apertura-spazio-espositivo-milano-zona-brera\/#article\",\"isPartOf\":{\"@id\":\"https:\/\/www.respace.it\/it\/news-eventi\/apertura-spazio-espositivo-milano-zona-brera\/\"},\"author\":{\"name\":\"staff\",\"@id\":\"https:\/\/www.respace.it\/#\/schema\/person\/6ddeeffa831172194263737979949a8e\"},\"headline\":\"Apertura nuovo spazio espositivo a Milano in zona Brera\",\"datePublished\":\"2023-03-23T16:53:18+00:00\",\"dateModified\":\"2023-03-28T06:44:02+00:00\",\"mainEntityOfPage\":{\"@id\":\"https:\/\/www.respace.it\/it\/news-eventi\/apertura-spazio-espositivo-milano-zona-brera\/\"},\"wordCount\":274,\"commentCount\":0,\"publisher\":{\"@id\":\"https:\/\/www.respace.it\/#organization\"},\"image\":{\"@id\":\"https:\/\/www.respace.it\/it\/news-eventi\/apertura-spazio-espositivo-milano-zona-brera\/#primaryimage\"},\"thumbnailUrl\":\"https:\/\/www.respace.it\/wp-content\/uploads\/2023\/03\/REspace-Milano03-post.jpg\",\"articleSection\":[\"News \/ Eventi\"],\"inLanguage\":\"it-IT\",\"potentialAction\":[{\"@type\":\"CommentAction\",\"name\":\"Comment\",\"target\":[\"https:\/\/www.respace.it\/it\/news-eventi\/apertura-spazio-espositivo-milano-zona-brera\/#respond\"]}]},{\"@type\":\"WebPage\",\"@id\":\"https:\/\/www.respace.it\/it\/news-eventi\/apertura-spazio-espositivo-milano-zona-brera\/\",\"url\":\"https:\/\/www.respace.it\/it\/news-eventi\/apertura-spazio-espositivo-milano-zona-brera\/\",\"name\":\"Apertura nuovo spazio espositivo a Milano in zona Brera - Respace\",\"isPartOf\":{\"@id\":\"https:\/\/www.respace.it\/#website\"},\"primaryImageOfPage\":{\"@id\":\"https:\/\/www.respace.it\/it\/news-eventi\/apertura-spazio-espositivo-milano-zona-brera\/#primaryimage\"},\"image\":{\"@id\":\"https:\/\/www.respace.it\/it\/news-eventi\/apertura-spazio-espositivo-milano-zona-brera\/#primaryimage\"},\"thumbnailUrl\":\"https:\/\/www.respace.it\/wp-content\/uploads\/2023\/03\/REspace-Milano03-post.jpg\",\"datePublished\":\"2023-03-23T16:53:18+00:00\",\"dateModified\":\"2023-03-28T06:44:02+00:00\",\"description\":\"REspace \u00e8 lieta di annunnciare l'apertura del nuovo spazio espositivo a Milano in zona Brera.\",\"breadcrumb\":{\"@id\":\"https:\/\/www.respace.it\/it\/news-eventi\/apertura-spazio-espositivo-milano-zona-brera\/#breadcrumb\"},\"inLanguage\":\"it-IT\",\"potentialAction\":[{\"@type\":\"ReadAction\",\"target\":[\"https:\/\/www.respace.it\/it\/news-eventi\/apertura-spazio-espositivo-milano-zona-brera\/\"]}]},{\"@type\":\"ImageObject\",\"inLanguage\":\"it-IT\",\"@id\":\"https:\/\/www.respace.it\/it\/news-eventi\/apertura-spazio-espositivo-milano-zona-brera\/#primaryimage\",\"url\":\"https:\/\/www.respace.it\/wp-content\/uploads\/2023\/03\/REspace-Milano03-post.jpg\",\"contentUrl\":\"https:\/\/www.respace.it\/wp-content\/uploads\/2023\/03\/REspace-Milano03-post.jpg\",\"width\":1200,\"height\":675},{\"@type\":\"BreadcrumbList\",\"@id\":\"https:\/\/www.respace.it\/it\/news-eventi\/apertura-spazio-espositivo-milano-zona-brera\/#breadcrumb\",\"itemListElement\":[{\"@type\":\"ListItem\",\"position\":1,\"name\":\"Home\",\"item\":\"https:\/\/www.respace.it\/it\/\"},{\"@type\":\"ListItem\",\"position\":2,\"name\":\"Apertura nuovo spazio espositivo a Milano in zona Brera\"}]},{\"@type\":\"WebSite\",\"@id\":\"https:\/\/www.respace.it\/#website\",\"url\":\"https:\/\/www.respace.it\/\",\"name\":\"REspace\",\"description\":\"L\u2019innovazione del componibile\",\"publisher\":{\"@id\":\"https:\/\/www.respace.it\/#organization\"},\"potentialAction\":[{\"@type\":\"SearchAction\",\"target\":{\"@type\":\"EntryPoint\",\"urlTemplate\":\"https:\/\/www.respace.it\/?s={search_term_string}\"},\"query-input\":\"required name=search_term_string\"}],\"inLanguage\":\"it-IT\"},{\"@type\":\"Organization\",\"@id\":\"https:\/\/www.respace.it\/#organization\",\"name\":\"REspace\",\"url\":\"https:\/\/www.respace.it\/\",\"logo\":{\"@type\":\"ImageObject\",\"inLanguage\":\"it-IT\",\"@id\":\"https:\/\/www.respace.it\/#\/schema\/logo\/image\/\",\"url\":\"https:\/\/www.respace.it\/wp-content\/uploads\/2015\/05\/cropped-REspace_LOGO.png\",\"contentUrl\":\"https:\/\/www.respace.it\/wp-content\/uploads\/2015\/05\/cropped-REspace_LOGO.png\",\"width\":766,\"height\":185,\"caption\":\"REspace\"},\"image\":{\"@id\":\"https:\/\/www.respace.it\/#\/schema\/logo\/image\/\"}},{\"@type\":\"Person\",\"@id\":\"https:\/\/www.respace.it\/#\/schema\/person\/6ddeeffa831172194263737979949a8e\",\"name\":\"staff\",\"image\":{\"@type\":\"ImageObject\",\"inLanguage\":\"it-IT\",\"@id\":\"https:\/\/www.respace.it\/#\/schema\/person\/image\/\",\"url\":\"https:\/\/secure.gravatar.com\/avatar\/8396f06c3f913b67546622df697ed4ba?s=96&d=mm&r=g\",\"contentUrl\":\"https:\/\/secure.gravatar.com\/avatar\/8396f06c3f913b67546622df697ed4ba?s=96&d=mm&r=g\",\"caption\":\"staff\"},\"url\":\"https:\/\/www.respace.it\/it\/author\/innovazione-ricerca-coerenza\/\"}]}<\/script>\n<!-- \/ Yoast SEO plugin. -->","yoast_head_json":{"title":"Apertura nuovo spazio espositivo a Milano in zona Brera - Respace","description":"REspace \u00e8 lieta di annunnciare l'apertura del nuovo spazio espositivo a Milano in zona Brera.","robots":{"index":"index","follow":"follow","max-snippet":"max-snippet:-1","max-image-preview":"max-image-preview:large","max-video-preview":"max-video-preview:-1"},"canonical":"https:\/\/www.respace.it\/it\/news-eventi\/apertura-spazio-espositivo-milano-zona-brera\/","og_locale":"it_IT","og_type":"article","og_title":"Apertura nuovo spazio espositivo a Milano in zona Brera - Respace","og_description":"REspace \u00e8 lieta di annunnciare l'apertura del nuovo spazio espositivo a Milano in zona Brera.","og_url":"https:\/\/www.respace.it\/it\/news-eventi\/apertura-spazio-espositivo-milano-zona-brera\/","og_site_name":"Respace","article_published_time":"2023-03-23T16:53:18+00:00","article_modified_time":"2023-03-28T06:44:02+00:00","og_image":[{"width":1200,"height":675,"url":"https:\/\/www.respace.it\/wp-content\/uploads\/2023\/03\/REspace-Milano03-post.jpg","type":"image\/jpeg"}],"author":"staff","twitter_card":"summary_large_image","twitter_misc":{"Scritto da":"staff","Tempo di lettura stimato":"1 minuto"},"schema":{"@context":"https:\/\/schema.org","@graph":[{"@type":"Article","@id":"https:\/\/www.respace.it\/it\/news-eventi\/apertura-spazio-espositivo-milano-zona-brera\/#article","isPartOf":{"@id":"https:\/\/www.respace.it\/it\/news-eventi\/apertura-spazio-espositivo-milano-zona-brera\/"},"author":{"name":"staff","@id":"https:\/\/www.respace.it\/#\/schema\/person\/6ddeeffa831172194263737979949a8e"},"headline":"Apertura nuovo spazio espositivo a Milano in zona Brera","datePublished":"2023-03-23T16:53:18+00:00","dateModified":"2023-03-28T06:44:02+00:00","mainEntityOfPage":{"@id":"https:\/\/www.respace.it\/it\/news-eventi\/apertura-spazio-espositivo-milano-zona-brera\/"},"wordCount":274,"commentCount":0,"publisher":{"@id":"https:\/\/www.respace.it\/#organization"},"image":{"@id":"https:\/\/www.respace.it\/it\/news-eventi\/apertura-spazio-espositivo-milano-zona-brera\/#primaryimage"},"thumbnailUrl":"https:\/\/www.respace.it\/wp-content\/uploads\/2023\/03\/REspace-Milano03-post.jpg","articleSection":["News \/ Eventi"],"inLanguage":"it-IT","potentialAction":[{"@type":"CommentAction","name":"Comment","target":["https:\/\/www.respace.it\/it\/news-eventi\/apertura-spazio-espositivo-milano-zona-brera\/#respond"]}]},{"@type":"WebPage","@id":"https:\/\/www.respace.it\/it\/news-eventi\/apertura-spazio-espositivo-milano-zona-brera\/","url":"https:\/\/www.respace.it\/it\/news-eventi\/apertura-spazio-espositivo-milano-zona-brera\/","name":"Apertura nuovo spazio espositivo a Milano in zona Brera - Respace","isPartOf":{"@id":"https:\/\/www.respace.it\/#website"},"primaryImageOfPage":{"@id":"https:\/\/www.respace.it\/it\/news-eventi\/apertura-spazio-espositivo-milano-zona-brera\/#primaryimage"},"image":{"@id":"https:\/\/www.respace.it\/it\/news-eventi\/apertura-spazio-espositivo-milano-zona-brera\/#primaryimage"},"thumbnailUrl":"https:\/\/www.respace.it\/wp-content\/uploads\/2023\/03\/REspace-Milano03-post.jpg","datePublished":"2023-03-23T16:53:18+00:00","dateModified":"2023-03-28T06:44:02+00:00","description":"REspace \u00e8 lieta di annunnciare l'apertura del nuovo spazio espositivo a Milano in zona Brera.","breadcrumb":{"@id":"https:\/\/www.respace.it\/it\/news-eventi\/apertura-spazio-espositivo-milano-zona-brera\/#breadcrumb"},"inLanguage":"it-IT","potentialAction":[{"@type":"ReadAction","target":["https:\/\/www.respace.it\/it\/news-eventi\/apertura-spazio-espositivo-milano-zona-brera\/"]}]},{"@type":"ImageObject","inLanguage":"it-IT","@id":"https:\/\/www.respace.it\/it\/news-eventi\/apertura-spazio-espositivo-milano-zona-brera\/#primaryimage","url":"https:\/\/www.respace.it\/wp-content\/uploads\/2023\/03\/REspace-Milano03-post.jpg","contentUrl":"https:\/\/www.respace.it\/wp-content\/uploads\/2023\/03\/REspace-Milano03-post.jpg","width":1200,"height":675},{"@type":"BreadcrumbList","@id":"https:\/\/www.respace.it\/it\/news-eventi\/apertura-spazio-espositivo-milano-zona-brera\/#breadcrumb","itemListElement":[{"@type":"ListItem","position":1,"name":"Home","item":"https:\/\/www.respace.it\/it\/"},{"@type":"ListItem","position":2,"name":"Apertura nuovo spazio espositivo a Milano in zona Brera"}]},{"@type":"WebSite","@id":"https:\/\/www.respace.it\/#website","url":"https:\/\/www.respace.it\/","name":"REspace","description":"L\u2019innovazione del componibile","publisher":{"@id":"https:\/\/www.respace.it\/#organization"},"potentialAction":[{"@type":"SearchAction","target":{"@type":"EntryPoint","urlTemplate":"https:\/\/www.respace.it\/?s={search_term_string}"},"query-input":"required name=search_term_string"}],"inLanguage":"it-IT"},{"@type":"Organization","@id":"https:\/\/www.respace.it\/#organization","name":"REspace","url":"https:\/\/www.respace.it\/","logo":{"@type":"ImageObject","inLanguage":"it-IT","@id":"https:\/\/www.respace.it\/#\/schema\/logo\/image\/","url":"https:\/\/www.respace.it\/wp-content\/uploads\/2015\/05\/cropped-REspace_LOGO.png","contentUrl":"https:\/\/www.respace.it\/wp-content\/uploads\/2015\/05\/cropped-REspace_LOGO.png","width":766,"height":185,"caption":"REspace"},"image":{"@id":"https:\/\/www.respace.it\/#\/schema\/logo\/image\/"}},{"@type":"Person","@id":"https:\/\/www.respace.it\/#\/schema\/person\/6ddeeffa831172194263737979949a8e","name":"staff","image":{"@type":"ImageObject","inLanguage":"it-IT","@id":"https:\/\/www.respace.it\/#\/schema\/person\/image\/","url":"https:\/\/secure.gravatar.com\/avatar\/8396f06c3f913b67546622df697ed4ba?s=96&d=mm&r=g","contentUrl":"https:\/\/secure.gravatar.com\/avatar\/8396f06c3f913b67546622df697ed4ba?s=96&d=mm&r=g","caption":"staff"},"url":"https:\/\/www.respace.it\/it\/author\/innovazione-ricerca-coerenza\/"}]}},"_links":{"self":[{"href":"https:\/\/www.respace.it\/it\/wp-json\/wp\/v2\/posts\/5239"}],"collection":[{"href":"https:\/\/www.respace.it\/it\/wp-json\/wp\/v2\/posts"}],"about":[{"href":"https:\/\/www.respace.it\/it\/wp-json\/wp\/v2\/types\/post"}],"author":[{"embeddable":true,"href":"https:\/\/www.respace.it\/it\/wp-json\/wp\/v2\/users\/1"}],"replies":[{"embeddable":true,"href":"https:\/\/www.respace.it\/it\/wp-json\/wp\/v2\/comments?post=5239"}],"version-history":[{"count":0,"href":"https:\/\/www.respace.it\/it\/wp-json\/wp\/v2\/posts\/5239\/revisions"}],"wp:featuredmedia":[{"embeddable":true,"href":"https:\/\/www.respace.it\/it\/wp-json\/wp\/v2\/media\/5240"}],"wp:attachment":[{"href":"https:\/\/www.respace.it\/it\/wp-json\/wp\/v2\/media?parent=5239"}],"wp:term":[{"taxonomy":"category","embeddable":true,"href":"https:\/\/www.respace.it\/it\/wp-json\/wp\/v2\/categories?post=5239"},{"taxonomy":"post_tag","embeddable":true,"href":"https:\/\/www.respace.it\/it\/wp-json\/wp\/v2\/tags?post=5239"}],"curies":[{"name":"wp","href":"https:\/\/api.w.org\/{rel}","templated":true}]}}